{"id":701,"date":"2023-04-28T14:37:30","date_gmt":"2023-04-28T11:37:30","guid":{"rendered":"http:\/\/bvg.lv\/?p=701"},"modified":"2023-04-28T14:37:30","modified_gmt":"2023-04-28T11:37:30","slug":"sudraba-pucu-salidojums-balvu-valsts-gimnazija","status":"publish","type":"post","link":"https:\/\/bvg.lv\/?p=701","title":{"rendered":"Sudraba p\u016b\u010du salidojums Balvu Valsts \u0123imn\u0101zij\u0101"},"content":{"rendered":"\n<p>21. apr\u012b\u013ca vakar\u0101 \u0123imn\u0101zijas saime pulc\u0113j\u0101s, lai godin\u0101tu pag\u0101ju\u0161\u0101 gada centraliz\u0113tajos eks\u0101menos visaugst\u0101ko v\u0113rt\u0113jumu ieguvu\u0161os jaunie\u0161us un vi\u0146u vec\u0101kus un satiktos ar absolventiem, kuri ieguvu\u0161i Sudraba p\u016bces galveno nomin\u0101ciju iepriek\u0161\u0113jos gados.<\/p>\n\n\n\n<p>\u0122imn\u0101zijas direktore Krist\u012bne Lele sveica kl\u0101teso\u0161os un atkl\u0101ja, ka \u0161is ir p\u0113d\u0113jais gads, kad tiek nomin\u0113tas Sudraba p\u016bces, jo, saist\u012bb\u0101 ar jauno izgl\u012bt\u012bbas reformu, neb\u016bs iesp\u0113jams <a><\/a>noteikt centraliz\u0113to eks\u0101menu augst\u0101ko v\u0113rt\u0113jumu ieguv\u0113jus un l\u012bdz ar to skaist\u0101 skolas trad\u012bcija nosl\u0113gsies. T\u0101lab \u0161ogad aicin\u0101j\u0101m salidojum\u0101 piedal\u012bties gan pag\u0101ju\u0161\u0101 gada lab\u0101kos centraliz\u0113to eks\u0101menu k\u0101rtot\u0101jus, gan tos, kas ieguvu\u0161i galveno nomin\u0101ciju iepriek\u0161\u0113jos gados. \u0122imn\u0101zijas direktore Krist\u012bne Lele sumin\u0101ja toreiz\u0113jo direktores vietnieci audzin\u0101\u0161anas jom\u0101 Veroniku Spridz\u0101ni &#8211; skolot\u0101ju, pateicoties kurai tika aizs\u0101kt\u0101 \u0161\u012b skaist\u0101 \u201eSudraba p\u016b\u010du\u201d godin\u0101\u0161anas trad\u012bcija, kas skol\u0101 tiek svin\u0113ta jau 14 gadus.<\/p>\n\n\n\n<p>Spridz\u0101nes kundze izteica patiesu prieku par iesp\u0113ju viesoties \u0123imn\u0101zij\u0101, dal\u012bj\u0101s atmi\u0146\u0101s par laiku, kad str\u0101d\u0101ja \u0123imn\u0101zij\u0101 un atkl\u0101ja k\u0101 rad\u0101s \u0161\u012b ideja \u2013 godin\u0101t lab\u0101kos centraliz\u0113to eks\u0101menu k\u0101rtot\u0101jus. Vi\u0146a bija sar\u016bp\u0113jusi \u012bpa\u0161u d\u0101vanu &#8211; gardu torti ar p\u016bces att\u0113lu un jokojot sol\u012bja, ka to, kur\u0161 kaut gabali\u0146u no k\u016bkas nogar\u0161os, gudr\u012bba pavad\u012bs visus turpm\u0101kos gadus.<\/p>\n\n\n\n<p>Sudraba p\u016b\u010du godin\u0101\u0161anas ceremonij\u0101 noskaidroj\u0101s, ka pag\u0101ju\u0161aj\u0101 gad\u0101 visveiksm\u012bg\u0101k centraliz\u0113tos eks\u0101menus nok\u0101rtoja Ance Salmane. Direktore vi\u0146ai pasniedza galveno godalgu \u201eSudraba p\u016bce 2022\u201d un aicin\u0101ja parakst\u012bties Goda gr\u0101mat\u0101. pateic\u012bbas rakstus un piemi\u0146as balvas sa\u0146\u0113ma ar\u012b Ri\u010dards \u0136irsons, Samanta Zubova un Em\u012bls Pipc\u0101ns par izciliem sasniegumiem centraliz\u0113tajos eks\u0101menos. Pas\u0101kuma vad\u012bt\u0101ja Esmeralda aicin\u0101ja pies\u0113st uz sarunu d\u012bv\u0101ni\u0146a gan vi\u0146us, gan vi\u0146u vec\u0101kus, lai aprun\u0101tos un noskaidrotu, ko absolventi \u0161obr\u012bd dara, k\u0101dus padomus dotu saviem skolasbiedriem un ko vi\u0146iem noz\u012bm\u0113 Balvu Valsts \u0123imn\u0101zija. Jaunie\u0161iem uz sarunu d\u012bv\u0101ni\u0146a pievienoj\u0101s ar\u012b audzin\u0101t\u0101ja Inga Vanaga un jauk\u0101 sirsn\u012bb\u0101 visi izbaud\u012bja atkalredz\u0113\u0161an\u0101s prieku.<\/p>\n\n\n\n<p>Otraj\u0101 pas\u0101kuma da\u013c\u0101 tika godin\u0101ti iepriek\u0161\u0113jo gadu Sudraba p\u016bces sa\u0146\u0113m\u0113ji. Bij\u0101m patiesi priec\u012bgi, ka ciemos bija ieradu\u0161ies vair\u0101ku iepriek\u0161\u0113jo gadu absolventi: pirm\u0101s Sudraba p\u016bces ieguv\u0113js Elvijs Sprudz\u0101ns, kur\u0161 skolu absolv\u0113ja 2009. gad\u0101 un \u0161obr\u012bd ir veiksm\u012bgs arhitekts, Juris Ka\u0161s- Sudraba p\u016bces 2014. ieguv\u0113js, kur\u0161 neatlaid\u012bgi darbojas IT jom\u0101 un Ernests Me\u017eals &#8211; Sudraba p\u016bces 2020 ieguv\u0113js, R\u012bgas Tehnisk\u0101s universit\u0101tes students, kur\u0161 sp\u0113j m\u0101c\u012bbas apvienot ar darbu IT jom\u0101. Sarunas uz jauko atmi\u0146u d\u012bv\u0101ni\u0146a rais\u012bj\u0101s patiesi interesantas un esam lepni, ka \u0123imn\u0101ziju absolv\u0113ju\u0161i tik talant\u012bgi, dz\u012bvesgudri un veiksm\u012bgi cilv\u0113ki.<\/p>\n\n\n\n<p>Katram absolventam tika piemekl\u0113ts un sagatavots \u012bpa\u0161s priek\u0161nesums. Paldies deju studijas \u201eTerpsihora\u201d vad\u012bt\u0101jai L\u012bgai Morozai-U\u0161ackai un vi\u0146as dejot\u0101jiem, paldies Hugo U\u0161ackim, Angel\u012bnai Krivo\u0161ejevai, Ketijai Mozulei, Guntrai Gibalai un 9.a klasei par kvalitat\u012bvajiem un skaistajiem priek\u0161nesumiem! Paldies jaukajai pas\u0101kuma vad\u012bt\u0101jai Esmeraldai Trivolei, br\u012bni\u0161\u0137\u012bgajiem viesiem, skolot\u0101jiem un visiem, kas bija kl\u0101teso\u0161i Sudraba p\u016b\u010du salidojum\u0101!<\/p>\n\n\n\n<p>Foto: Sindija Raibekaze<\/p>\n\n\n\nngg_shortcode_0_placeholder\n","protected":false},"excerpt":{"rendered":"<p>21. apr\u012b\u013ca vakar\u0101 \u0123imn\u0101zijas saime pulc\u0113j\u0101s, lai godin\u0101tu pag\u0101ju\u0161\u0101 gada centraliz\u0113tajos eks\u0101menos visaugst\u0101ko v\u0113rt\u0113jumu ieguvu\u0161os jaunie\u0161us un vi\u0146u vec\u0101kus un satiktos ar absolventiem, kuri ieguvu\u0161i Sudraba p\u016bces galveno nomin\u0101ciju iepriek\u0161\u0113jos gados. \u0122imn\u0101zijas direktore Krist\u012bne Lele sveica kl\u0101teso\u0161os un atkl\u0101ja, ka &hellip; <a href=\"https:\/\/bvg.lv\/?p=701\">Turpiniet las\u012bt <span class=\"meta-nav\">&rarr;<\/span><\/a><\/p>\n","protected":false},"author":1,"featured_media":0,"comment_status":"closed","ping_status":"","sticky":false,"template":"","format":"standard","meta":{"ngg_post_thumbnail":0,"footnotes":""},"categories":[1],"tags":[],"class_list":["post-701","post","type-post","status-publish","format-standard","hentry","category-nekategorizets"],"_links":{"self":[{"href":"https:\/\/bvg.lv\/index.php?rest_route=\/wp\/v2\/posts\/701","targetHints":{"allow":["GET"]}}],"collection":[{"href":"https:\/\/bvg.lv\/index.php?rest_route=\/wp\/v2\/posts"}],"about":[{"href":"https:\/\/bvg.lv\/index.php?rest_route=\/wp\/v2\/types\/post"}],"author":[{"embeddable":true,"href":"https:\/\/bvg.lv\/index.php?rest_route=\/wp\/v2\/users\/1"}],"replies":[{"embeddable":true,"href":"https:\/\/bvg.lv\/index.php?rest_route=%2Fwp%2Fv2%2Fcomments&post=701"}],"version-history":[{"count":1,"href":"https:\/\/bvg.lv\/index.php?rest_route=\/wp\/v2\/posts\/701\/revisions"}],"predecessor-version":[{"id":739,"href":"https:\/\/bvg.lv\/index.php?rest_route=\/wp\/v2\/posts\/701\/revisions\/739"}],"wp:attachment":[{"href":"https:\/\/bvg.lv\/index.php?rest_route=%2Fwp%2Fv2%2Fmedia&parent=701"}],"wp:term":[{"taxonomy":"category","embeddable":true,"href":"https:\/\/bvg.lv\/index.php?rest_route=%2Fwp%2Fv2%2Fcategories&post=701"},{"taxonomy":"post_tag","embeddable":true,"href":"https:\/\/bvg.lv\/index.php?rest_route=%2Fwp%2Fv2%2Ftags&post=701"}],"curies":[{"name":"wp","href":"https:\/\/api.w.org\/{rel}","templated":true}]}}