{"id":623,"date":"2023-04-11T09:25:44","date_gmt":"2023-04-11T06:25:44","guid":{"rendered":"http:\/\/bvg.lv\/?p=623"},"modified":"2024-06-06T16:15:40","modified_gmt":"2024-06-06T13:15:40","slug":"skolenu-pasparvaldes-jauniesi-apgust-projektu-rakstisanas-prasmes","status":"publish","type":"post","link":"https:\/\/bvg.lv\/?p=623","title":{"rendered":"Skol\u0113nu pa\u0161p\u0101rvaldes jaunie\u0161i apg\u016bst projektu rakst\u012b\u0161anas prasmes."},"content":{"rendered":"\n<p>No 31. marta l\u012bdz 2.apr\u012blim Balvu Valsts \u0123imn\u0101zijas skol\u0113nu pa\u0161p\u0101rvaldes komanda- Laura Jerom\u0101ne, Sindija Saide, I\u013cja Polis un skolot\u0101ja Daina Mediniece -, dev\u0101s uz projekta &#8220;Kontakts&#8221; tr\u012bs dienu apm\u0101c\u012bb\u0101m R\u0113zeknes novada viesu nam\u0101 &#8220;Za\u013c\u0101 sala&#8221;. Kop\u0101 ar jaunie\u0161iem no Balvu profesion\u0101l\u0101s un visp\u0101rizgl\u012btojo\u0161\u0101s vidusskolas, Til\u017eas pamatskolas, Gal\u0113nu pamatskolas, Vi\u013c\u0101nu vidusskolas, Daugavpils Valsts \u0123imn\u0101zijas <a><\/a>un R\u0113zeknes 6. pamatskolas, tika apg\u016btas jaunas prasmes un zin\u0101\u0161anas, iesaistoties p\u0113c neform\u0101l\u0101s izgl\u012bt\u012bbas principiem veidot\u0101s aktivit\u0101t\u0113s. Pirmaj\u0101 projekta dien\u0101 \u201cZa\u013caj\u0101 sal\u0101\u201d viesoj\u0101s psiholo\u0123e no R\u0113zeknes Pusaud\u017eu resursu centra, vi\u0146a run\u0101ja par v\u0113rt\u012bb\u0101m, jaunie\u0161u ar ierobe\u017eot\u0101m iesp\u0113jam iek\u013cau\u0161anu sabiedr\u012bb\u0101.<\/p>\n\n\n\n<p>Projekta laik\u0101 jaunie\u0161i iesaistij\u0101s da\u017e\u0101d\u0101s aktivit\u0101t\u0113s par l\u012bdzdal\u012bbas un iek\u013cau\u0161anas t\u0113m\u0101m, analiz\u0113ja savas pa\u0161p\u0101rvaldes darbu un guva idejas k\u0101 to uzlabt.<\/p>\n\n\n\n<p>Apm\u0101c\u012bbu laik\u0101 ieguv\u0101m jaunus draugus un domubiedrus no cit\u0101m skol\u0101m.<\/p>\n\n\n\n<p>BV\u0122 pa\u0161p\u0101rvaldes komandai rad\u0101s ideja projektam par jauno \u0123imn\u0101zijas skol\u0113nu l\u012bdzdal\u012bbas un labizj\u016btas veicin\u0101\u0161anu skol\u0101. Apm\u0101c\u012bbu laik\u0101 tika pl\u0101notas un prezent\u0113tas projekta aktivit\u0101tes, k\u0101 ar\u012b izstr\u0101d\u0101ti veicamie uzdevumi, lai l\u012bdz 15. maijam projektu var\u0113tu pabeigt rakst\u012bt un iesniegt pa\u0161vald\u012bb\u0101.<\/p>\n\n\n\n<p>Balvu Valsts \u0123imn\u0101zijas skol\u0113nu pa\u0161p\u0101rvaldes komanda nov\u0113rt\u0113 iesp\u0113ju piedal\u012bties apm\u0101c\u012bb\u0101s un izsaka pateic\u012bbu treneriem Sergejam <img loading=\"lazy\" decoding=\"async\" alt=\"\ud83d\udc4d\" src=\"https:\/\/static.xx.fbcdn.net\/images\/emoji.php\/v9\/tfc\/1\/16\/1f44d.png\" width=\"16\" height=\"16\">un Sigitai <img loading=\"lazy\" decoding=\"async\" alt=\"\ud83d\udc4d\" src=\"https:\/\/static.xx.fbcdn.net\/images\/emoji.php\/v9\/tfc\/1\/16\/1f44d.png\" width=\"16\" height=\"16\">un Jaunatnes starptautisko projektu a\u0123ent\u016brai <img loading=\"lazy\" decoding=\"async\" alt=\"\ud83d\udc4f\" src=\"https:\/\/static.xx.fbcdn.net\/images\/emoji.php\/v9\/tfe\/1\/16\/1f44f.png\" width=\"16\" height=\"16\">@jspa par v\u0113rt\u012bgaj\u0101m apm\u0101c\u012bb\u0101m. Tika ieg\u016bta izcila pieredze, kas noteikti noder\u0113s n\u0101kotn\u0113 un atmi\u0146as par projekta apm\u0101c\u012bb\u0101m noteikti rad\u012bs smaidu sej\u0101 v\u0113l ilgu laiku!<\/p>\n\n\n\n<p>Rakstu sagatavoja: I\u013cja Polis,<\/p>\n\n\n\n<p>Balvu Valsts \u0123imn\u0101zijas skol\u0113nu pa\u0161p\u0101rvaldes dal\u012bbnieks.<\/p>\n\n\n\nngg_shortcode_0_placeholder\n","protected":false},"excerpt":{"rendered":"<p>No 31. marta l\u012bdz 2.apr\u012blim Balvu Valsts \u0123imn\u0101zijas skol\u0113nu pa\u0161p\u0101rvaldes komanda- Laura Jerom\u0101ne, Sindija Saide, I\u013cja Polis un skolot\u0101ja Daina Mediniece -, dev\u0101s uz projekta &#8220;Kontakts&#8221; tr\u012bs dienu apm\u0101c\u012bb\u0101m R\u0113zeknes novada viesu nam\u0101 &#8220;Za\u013c\u0101 sala&#8221;. Kop\u0101 ar jaunie\u0161iem no Balvu &hellip; <a href=\"https:\/\/bvg.lv\/?p=623\">Turpiniet las\u012bt <span class=\"meta-nav\">&rarr;<\/span><\/a><\/p>\n","protected":false},"author":1,"featured_media":0,"comment_status":"closed","ping_status":"closed","sticky":false,"template":"","format":"standard","meta":{"ngg_post_thumbnail":0,"footnotes":""},"categories":[1,14],"tags":[],"class_list":["post-623","post","type-post","status-publish","format-standard","hentry","category-nekategorizets","category-pasparvalde"],"_links":{"self":[{"href":"https:\/\/bvg.lv\/index.php?rest_route=\/wp\/v2\/posts\/623","targetHints":{"allow":["GET"]}}],"collection":[{"href":"https:\/\/bvg.lv\/index.php?rest_route=\/wp\/v2\/posts"}],"about":[{"href":"https:\/\/bvg.lv\/index.php?rest_route=\/wp\/v2\/types\/post"}],"author":[{"embeddable":true,"href":"https:\/\/bvg.lv\/index.php?rest_route=\/wp\/v2\/users\/1"}],"replies":[{"embeddable":true,"href":"https:\/\/bvg.lv\/index.php?rest_route=%2Fwp%2Fv2%2Fcomments&post=623"}],"version-history":[{"count":1,"href":"https:\/\/bvg.lv\/index.php?rest_route=\/wp\/v2\/posts\/623\/revisions"}],"predecessor-version":[{"id":634,"href":"https:\/\/bvg.lv\/index.php?rest_route=\/wp\/v2\/posts\/623\/revisions\/634"}],"wp:attachment":[{"href":"https:\/\/bvg.lv\/index.php?rest_route=%2Fwp%2Fv2%2Fmedia&parent=623"}],"wp:term":[{"taxonomy":"category","embeddable":true,"href":"https:\/\/bvg.lv\/index.php?rest_route=%2Fwp%2Fv2%2Fcategories&post=623"},{"taxonomy":"post_tag","embeddable":true,"href":"https:\/\/bvg.lv\/index.php?rest_route=%2Fwp%2Fv2%2Ftags&post=623"}],"curies":[{"name":"wp","href":"https:\/\/api.w.org\/{rel}","templated":true}]}}