{"id":6113,"date":"2026-09-04T18:55:09","date_gmt":"2026-09-04T15:55:09","guid":{"rendered":"https:\/\/bvg.lv\/?p=6113"},"modified":"2026-09-04T18:55:09","modified_gmt":"2026-09-04T15:55:09","slug":"zinibu-diena-balvu-valsts-gimnazija-5","status":"publish","type":"post","link":"https:\/\/bvg.lv\/?p=6113","title":{"rendered":"Zin\u012bbu diena Balvu Valsts \u0123imn\u0101zij\u0101"},"content":{"rendered":"\n<p class=\"wp-block-paragraph\">Ar emociju gammu, priec\u012bgu satraukumu un skan\u012bg\u0101m \u010dal\u0101m Balvu Valsts \u0123imn\u0101zij\u0101 ir ies\u0101cies jauns m\u0101c\u012bbu c\u0113liens. Zin\u012bbu dienas pas\u0101kums \u201eJauns gads, jauns s\u0101kums\u201d kop\u0101 pulc\u0113ja skol\u0113nus, skolot\u0101jus, vec\u0101kus un viesus.<\/p>\n\n\n\n<p class=\"wp-block-paragraph\">Pas\u0101kuma vad\u012bt\u0101ji Guntra un Ren\u0101ts aicin\u0101ja visus kl\u0101teso\u0161os saredz\u0113t un izjust t\u0101s emocijas, kas valda apk\u0101rt un piepilda skolas ikdienu. Savuk\u0101rt deju studijas \u201eTerpsihora\u201d jaunietes dej\u0101 akcent\u0113ja emocijas, kuras k\u013c\u016bs par neat\u0146emamu da\u013cu no jaun\u0101 m\u0101c\u012bbu gada ce\u013cojuma. Skan\u012bgie Kristas Ma\u010das un pas\u0101kuma vad\u012bt\u0101ju muzik\u0101lie priek\u0161nesumi kuplin\u0101ja sv\u0113tkus, radot v\u0113l gai\u0161\u0101ku noska\u0146u.<\/p>\n\n\n\n<p class=\"wp-block-paragraph\">\u0122imn\u0101zijas direktore Krist\u012bne Lele priec\u0101j\u0101s par atkalredz\u0113\u0161anos un velt\u012bja pateic\u012bbas v\u0101rdus ikvienam, kur\u0161 ir pieder\u012bgs skolas saimei. Vi\u0146a v\u0113l\u0113ja, lai jaunais m\u0101c\u012bbu gads ir piepild\u012bts ar zin\u0101\u0161an\u0101m, rado\u0161u dar\u012btprieku, drosm\u012bg\u0101m iecer\u0113m un lepnumu par paveikto, uzsverot, lai katra emocija, ko \u0161odien piedz\u012bvojam, k\u013c\u016bst par sp\u0113ku m\u016bsu izaugsmei.<\/p>\n\n\n\n<p class=\"wp-block-paragraph\">Svin\u012bgaj\u0101 pas\u0101kum\u0101 ar laba v\u0113l\u0113jumiem Zin\u012bbu dien\u0101 sveica Balvu novada domes priek\u0161s\u0113d\u0113t\u0101js J\u0101nis Trupovnieks.<\/p>\n\n\n\n<p class=\"wp-block-paragraph\">Gar\u012bgo pamatu un sv\u0113t\u012bbu jaunajam c\u0113lienam deva Balvu Eva\u0146\u0123\u0113liski luterisk\u0101s draudzes m\u0101c\u012bt\u0101js M\u0101rti\u0146\u0161 Vaickovskis un Balvu Vissv\u0113t\u0101s Tr\u012bsvien\u012bbas Romas kato\u013cu draudzes pr\u0101vests Daumants Abrickis. Vi\u0146i v\u0113rsa kl\u0101teso\u0161o uzman\u012bbu uz gar\u012bgo izaugsmi, cie\u0146u un tic\u012bbu, iedro\u0161inot ikvienu ar mierpilnu sirdi doties pret\u012b jauniem izaicin\u0101jumiem.<\/p>\n\n\n\n<p class=\"wp-block-paragraph\">Ar ska\u013ciem aplausiem un \u012bpa\u0161u emociju simbolu tika sveikti kla\u0161u kolekt\u012bvi un vi\u0146u audzin\u0101t\u0101jas, nov\u0113lot izbaud\u012bt pilnu emociju gammu visa gada garum\u0101. \u0160ie simboli kalpos k\u0101 atg\u0101din\u0101jums, ka katra diena skol\u0101 b\u016bs cit\u0101da, d\u0101vin\u0101s jaunu pieredzi, b\u016bs piepild\u012bta ar zin\u0101\u0161an\u0101m, iedvesmu, draudz\u012bbu, tic\u012bbu un prieku.<\/p>\n\n\n\nngg_shortcode_0_placeholder\n","protected":false},"excerpt":{"rendered":"<p>Ar emociju gammu, priec\u012bgu satraukumu un skan\u012bg\u0101m \u010dal\u0101m Balvu Valsts \u0123imn\u0101zij\u0101 ir ies\u0101cies jauns m\u0101c\u012bbu c\u0113liens. Zin\u012bbu dienas pas\u0101kums \u201eJauns gads, jauns s\u0101kums\u201d kop\u0101 pulc\u0113ja skol\u0113nus, skolot\u0101jus, vec\u0101kus un viesus. Pas\u0101kuma vad\u012bt\u0101ji Guntra un Ren\u0101ts aicin\u0101ja visus kl\u0101teso\u0161os saredz\u0113t un &hellip; <a href=\"https:\/\/bvg.lv\/?p=6113\">Turpiniet las\u012bt <span class=\"meta-nav\">&rarr;<\/span><\/a><\/p>\n","protected":false},"author":1,"featured_media":0,"comment_status":"closed","ping_status":"","sticky":false,"template":"","format":"standard","meta":{"ngg_post_thumbnail":0,"footnotes":""},"categories":[1],"tags":[],"class_list":["post-6113","post","type-post","status-publish","format-standard","hentry","category-nekategorizets"],"_links":{"self":[{"href":"https:\/\/bvg.lv\/index.php?rest_route=\/wp\/v2\/posts\/6113","targetHints":{"allow":["GET"]}}],"collection":[{"href":"https:\/\/bvg.lv\/index.php?rest_route=\/wp\/v2\/posts"}],"about":[{"href":"https:\/\/bvg.lv\/index.php?rest_route=\/wp\/v2\/types\/post"}],"author":[{"embeddable":true,"href":"https:\/\/bvg.lv\/index.php?rest_route=\/wp\/v2\/users\/1"}],"replies":[{"embeddable":true,"href":"https:\/\/bvg.lv\/index.php?rest_route=%2Fwp%2Fv2%2Fcomments&post=6113"}],"version-history":[{"count":1,"href":"https:\/\/bvg.lv\/index.php?rest_route=\/wp\/v2\/posts\/6113\/revisions"}],"predecessor-version":[{"id":6139,"href":"https:\/\/bvg.lv\/index.php?rest_route=\/wp\/v2\/posts\/6113\/revisions\/6139"}],"wp:attachment":[{"href":"https:\/\/bvg.lv\/index.php?rest_route=%2Fwp%2Fv2%2Fmedia&parent=6113"}],"wp:term":[{"taxonomy":"category","embeddable":true,"href":"https:\/\/bvg.lv\/index.php?rest_route=%2Fwp%2Fv2%2Fcategories&post=6113"},{"taxonomy":"post_tag","embeddable":true,"href":"https:\/\/bvg.lv\/index.php?rest_route=%2Fwp%2Fv2%2Ftags&post=6113"}],"curies":[{"name":"wp","href":"https:\/\/api.w.org\/{rel}","templated":true}]}}