{"id":560,"date":"2023-03-28T09:41:43","date_gmt":"2023-03-28T06:41:43","guid":{"rendered":"http:\/\/bvg.lv\/?p=560"},"modified":"2023-03-28T09:41:43","modified_gmt":"2023-03-28T06:41:43","slug":"25-marts-komunistiska-genocida-upuru-pieminas-diena","status":"publish","type":"post","link":"https:\/\/bvg.lv\/?p=560","title":{"rendered":"25. marts &#8211; Komunistisk\u0101 genoc\u012bda upuru piemi\u0146as diena."},"content":{"rendered":"\n<p><\/p>\n\n\n\n<p>1949. gada skaudros notikumus v\u0113stures un klases stund\u0101s ar skol\u0113niem p\u0101rrun\u0101ja skolot\u0101ji un klases audzin\u0101t\u0101ji. Skol\u0113nu pa\u0161p\u0101rvalde izveidoja piemi\u0146as instal\u0101ciju, lai piemin\u0113tu 44000 Latvijas iedz\u012bvot\u0101ju, kuri tika izs\u016bt\u012bti un lopu vagonos aizvesti uz att\u0101l\u0101kajiem Krievijas nost\u016briem.<\/p>\n\n\n\n<p>\u201cAizrestotie e\u0161eloni,<\/p>\n\n\n\n<p>Liekas, ka p\u0101r sirdi p\u0101ri<\/p>\n\n\n\n<p>Braucat, tum\u0161i dun\u0113dami.<\/p>\n\n\n\n<p><a><\/a>Visur izmisums un b\u0101ri.<\/p>\n\n\n\n<p>Aizrestotie e\u0161eloni,<\/p>\n\n\n\n<p>Ko j\u016bs sev\u012b sl\u0113gtus turat?<\/p>\n\n\n\n<p>Tiem, kam sv\u0113ta latvju zeme,<\/p>\n\n\n\n<p>Moku ugunis j\u016bs kurat!<\/p>\n\n\n\n<p>Aizrestotie e\u0161eloni,<\/p>\n\n\n\n<p>K\u0101 j\u016bs negr\u016bstat aiz \u013cauna,<\/p>\n\n\n\n<p>Nel\u016bstat no b\u0113du svara,<\/p>\n\n\n\n<p>Nez\u016bdat no dzi\u013ca kauna!<\/p>\n\n\n\n<p>Aizrestotie e\u0161eloni,<\/p>\n\n\n\n<p>Kam j\u016bs durvis neatverat!<\/p>\n\n\n\n<p>V\u0113l \u0161\u012b zeme redz\u0113s sauli,<\/p>\n\n\n\n<p>Vaidus kaut un asras dzerat.<\/p>\n\n\n\n<p>Aizrestotie e\u0161eloni,<\/p>\n\n\n\n<p>Liekas, aizg\u0101j\u0101t p\u0101r sirdi&#8230;<\/p>\n\n\n\n<p>Vi\u0146u tum\u0161o dun\u0113\u0161anu,<\/p>\n\n\n\n<p>Dv\u0113sele, nu m\u016b\u017eam dzirdi.<\/p>\n\n\n\n<p>\/E. \u0136ezbere\/<\/p>\n\n\n\nngg_shortcode_0_placeholder\n","protected":false},"excerpt":{"rendered":"<p>1949. gada skaudros notikumus v\u0113stures un klases stund\u0101s ar skol\u0113niem p\u0101rrun\u0101ja skolot\u0101ji un klases audzin\u0101t\u0101ji. Skol\u0113nu pa\u0161p\u0101rvalde izveidoja piemi\u0146as instal\u0101ciju, lai piemin\u0113tu 44000 Latvijas iedz\u012bvot\u0101ju, kuri tika izs\u016bt\u012bti un lopu vagonos aizvesti uz att\u0101l\u0101kajiem Krievijas nost\u016briem. \u201cAizrestotie e\u0161eloni, Liekas, ka &hellip; <a href=\"https:\/\/bvg.lv\/?p=560\">Turpiniet las\u012bt <span class=\"meta-nav\">&rarr;<\/span><\/a><\/p>\n","protected":false},"author":1,"featured_media":0,"comment_status":"closed","ping_status":"","sticky":false,"template":"","format":"standard","meta":{"ngg_post_thumbnail":0,"footnotes":""},"categories":[1],"tags":[],"class_list":["post-560","post","type-post","status-publish","format-standard","hentry","category-nekategorizets"],"_links":{"self":[{"href":"https:\/\/bvg.lv\/index.php?rest_route=\/wp\/v2\/posts\/560","targetHints":{"allow":["GET"]}}],"collection":[{"href":"https:\/\/bvg.lv\/index.php?rest_route=\/wp\/v2\/posts"}],"about":[{"href":"https:\/\/bvg.lv\/index.php?rest_route=\/wp\/v2\/types\/post"}],"author":[{"embeddable":true,"href":"https:\/\/bvg.lv\/index.php?rest_route=\/wp\/v2\/users\/1"}],"replies":[{"embeddable":true,"href":"https:\/\/bvg.lv\/index.php?rest_route=%2Fwp%2Fv2%2Fcomments&post=560"}],"version-history":[{"count":1,"href":"https:\/\/bvg.lv\/index.php?rest_route=\/wp\/v2\/posts\/560\/revisions"}],"predecessor-version":[{"id":565,"href":"https:\/\/bvg.lv\/index.php?rest_route=\/wp\/v2\/posts\/560\/revisions\/565"}],"wp:attachment":[{"href":"https:\/\/bvg.lv\/index.php?rest_route=%2Fwp%2Fv2%2Fmedia&parent=560"}],"wp:term":[{"taxonomy":"category","embeddable":true,"href":"https:\/\/bvg.lv\/index.php?rest_route=%2Fwp%2Fv2%2Fcategories&post=560"},{"taxonomy":"post_tag","embeddable":true,"href":"https:\/\/bvg.lv\/index.php?rest_route=%2Fwp%2Fv2%2Ftags&post=560"}],"curies":[{"name":"wp","href":"https:\/\/api.w.org\/{rel}","templated":true}]}}