{"id":5283,"date":"2026-01-23T13:25:36","date_gmt":"2026-01-23T11:25:36","guid":{"rendered":"https:\/\/bvg.lv\/?p=5283"},"modified":"2026-01-23T13:25:36","modified_gmt":"2026-01-23T11:25:36","slug":"macibas-parmainu-procesa-lideris-mani-ieviesanas-komandam-marupes-valsts-gimnazija","status":"publish","type":"post","link":"https:\/\/bvg.lv\/?p=5283","title":{"rendered":"M\u0101c\u012bbas p\u0101rmai\u0146u procesa \u201dL\u012bderis man\u012b\u201d ievie\u0161anas komand\u0101m M\u0101rupes Valsts \u0123imn\u0101zij\u0101"},"content":{"rendered":"\n<p>\u0160\u012b gada 22.janv\u0101r\u012b \u0123imn\u0101zijas skolot\u0101jas Sandra Mozule un Gunta Salmane piedal\u012bj\u0101s \u201cL\u012bderis man\u012b\u201d m\u0101c\u012bb\u0101s ievie\u0161anas komand\u0101m M\u0101rupes Valsts \u0123imn\u0101zij\u0101.&nbsp;<\/p>\n\n\n\n<p>M\u0101c\u012bbu diena s\u0101k\u0101s ar nelielu ieskatu L\u012bderis man\u012b programm\u0101 un paradumos. Rolands Ozols akcent\u0113ja L\u012bder\u012bbas dienas m\u0113r\u0137us un iesp\u0113jas, k\u0101 to \u012bstenot, sniedzot v\u0113rt\u012bgus ieteikumus. Drabe\u0161u Jaun\u0101s pamatskolas un R\u012bgas Juglas vidusskolas p\u0101rst\u0101vji dal\u012bj\u0101s ar savu pieredzi L\u012bder\u012bbas dienas aktivit\u0101\u0161u \u012bsteno\u0161an\u0101. P\u0113c pusdienu pauzes turpin\u0101j\u0101m str\u0101d\u0101t grupu darb\u0101, sadarbojoties ar citu skolu kol\u0113\u0123iem, daloties sav\u0101 pieredz\u0113 un skat\u012bjum\u0101, radot jaunas idejas.<\/p>\n\n\n\n<p>Dienas moto \u201cM\u0101cies. Pl\u0101no. Iedvesmojies.\u201d tika sasniegts, g\u016bstot v\u0113rt\u012bgu pieredzi un iedvesmu jaun\u0101m idej\u0101m. Paldies M\u0101rupes Valsts \u0123imn\u0101zijai par sirsn\u012bgu uz\u0146em\u0161anu!<\/p>\n\n\n\nngg_shortcode_0_placeholder\n","protected":false},"excerpt":{"rendered":"<p>\u0160\u012b gada 22.janv\u0101r\u012b \u0123imn\u0101zijas skolot\u0101jas Sandra Mozule un Gunta Salmane piedal\u012bj\u0101s \u201cL\u012bderis man\u012b\u201d m\u0101c\u012bb\u0101s ievie\u0161anas komand\u0101m M\u0101rupes Valsts \u0123imn\u0101zij\u0101.&nbsp; M\u0101c\u012bbu diena s\u0101k\u0101s ar nelielu ieskatu L\u012bderis man\u012b programm\u0101 un paradumos. Rolands Ozols akcent\u0113ja L\u012bder\u012bbas dienas m\u0113r\u0137us un iesp\u0113jas, k\u0101 to &hellip; <a href=\"https:\/\/bvg.lv\/?p=5283\">Turpiniet las\u012bt <span class=\"meta-nav\">&rarr;<\/span><\/a><\/p>\n","protected":false},"author":1,"featured_media":0,"comment_status":"closed","ping_status":"","sticky":false,"template":"","format":"standard","meta":{"ngg_post_thumbnail":0,"footnotes":""},"categories":[1],"tags":[],"class_list":["post-5283","post","type-post","status-publish","format-standard","hentry","category-nekategorizets"],"_links":{"self":[{"href":"https:\/\/bvg.lv\/index.php?rest_route=\/wp\/v2\/posts\/5283","targetHints":{"allow":["GET"]}}],"collection":[{"href":"https:\/\/bvg.lv\/index.php?rest_route=\/wp\/v2\/posts"}],"about":[{"href":"https:\/\/bvg.lv\/index.php?rest_route=\/wp\/v2\/types\/post"}],"author":[{"embeddable":true,"href":"https:\/\/bvg.lv\/index.php?rest_route=\/wp\/v2\/users\/1"}],"replies":[{"embeddable":true,"href":"https:\/\/bvg.lv\/index.php?rest_route=%2Fwp%2Fv2%2Fcomments&post=5283"}],"version-history":[{"count":1,"href":"https:\/\/bvg.lv\/index.php?rest_route=\/wp\/v2\/posts\/5283\/revisions"}],"predecessor-version":[{"id":5288,"href":"https:\/\/bvg.lv\/index.php?rest_route=\/wp\/v2\/posts\/5283\/revisions\/5288"}],"wp:attachment":[{"href":"https:\/\/bvg.lv\/index.php?rest_route=%2Fwp%2Fv2%2Fmedia&parent=5283"}],"wp:term":[{"taxonomy":"category","embeddable":true,"href":"https:\/\/bvg.lv\/index.php?rest_route=%2Fwp%2Fv2%2Fcategories&post=5283"},{"taxonomy":"post_tag","embeddable":true,"href":"https:\/\/bvg.lv\/index.php?rest_route=%2Fwp%2Fv2%2Ftags&post=5283"}],"curies":[{"name":"wp","href":"https:\/\/api.w.org\/{rel}","templated":true}]}}