{"id":5250,"date":"2026-01-21T18:36:19","date_gmt":"2026-01-21T16:36:19","guid":{"rendered":"https:\/\/bvg.lv\/?p=5250"},"modified":"2026-01-22T09:11:56","modified_gmt":"2026-01-22T07:11:56","slug":"nordplus-projekta-our-baltic-sea-mobilitate-danija-hillereda","status":"publish","type":"post","link":"https:\/\/bvg.lv\/?p=5250","title":{"rendered":"Nordplus projekta \u201eOur Baltic Sea\u201d mobilit\u0101te D\u0101nij\u0101, Hiller\u0113d\u0101"},"content":{"rendered":"<div class=\"wp-block-image\">\n<figure class=\"alignright size-full is-resized\"><img loading=\"lazy\" decoding=\"async\" width=\"1024\" height=\"724\" src=\"https:\/\/bvg.lv\/wp-content\/uploads\/2026\/01\/logonordplus.jpg\" alt=\"\" class=\"wp-image-5272\" style=\"aspect-ratio:1.414387967147145;width:262px;height:auto\" srcset=\"https:\/\/bvg.lv\/wp-content\/uploads\/2026\/01\/logonordplus.jpg 1024w, https:\/\/bvg.lv\/wp-content\/uploads\/2026\/01\/logonordplus-300x212.jpg 300w, https:\/\/bvg.lv\/wp-content\/uploads\/2026\/01\/logonordplus-768x543.jpg 768w\" sizes=\"auto, (max-width: 1024px) 100vw, 1024px\" \/><\/figure>\n<\/div>\n\n\n<p>No \u0161\u012b gada 12. l\u012bdz 16. janv\u0101rim Balvu Valsts \u0123imn\u0101zijas 12. klases skolnieces Al\u012bna \u017dogota un Sindija Saide, k\u0101 ar\u012b skolot\u0101ja Ir\u012bna Krivo\u0161ejeva un direktores vietnieks IT jom\u0101 Viktors \u0160\u013cakota piedal\u012bj\u0101s Nordplus projekta \u201eM\u016bsu Baltijas j\u016bra\u201d (\u201eOur Baltic Sea\u201d) skol\u0113nu un skolot\u0101ju mobilit\u0101t\u0113 D\u0101nij\u0101, Hiller\u0113d\u0101, skol\u0101 Hiller\u00f8d Tekniske Gymnasium &#8211; UNORD. Starptautiskaj\u0101 tik\u0161an\u0101s reiz\u0113 piedal\u012bj\u0101s vair\u0101k nek\u0101 50 dal\u012bbnieki no Somijas, Zviedrijas, D\u0101nijas, Lietuvas, Igaunijas un Latvijas, lai kop\u012bgi iepaz\u012btu D\u0101niju, diskut\u0113tu par Baltijas j\u016bras re\u0123iona ilgtsp\u0113ju un t\u0101s saglab\u0101\u0161anas noz\u012bmi n\u0101kamaj\u0101m paaudz\u0113m.<\/p>\n\n\n\n<p>Pirmaj\u0101 projekta dien\u0101 dal\u012bbnieki dev\u0101s ekskursij\u0101 pa skolu, iepaz\u012bstot D\u0101nijas izgl\u012bt\u012bbas sist\u0113mu, m\u0101c\u012bbu procesu un m\u0101c\u012bbu vidi. Dienas turpin\u0101jum\u0101 notika \u201eledus lau\u0161anas\u201d aktivit\u0101tes un rado\u0161\u0101 kr\u016bz\u012b\u0161u darbn\u012bca, kas veicin\u0101ja savstarp\u0113jo sadarb\u012bbu. Neskatoties uz lietaino laiku, da\u013ca dal\u012bbnieku dev\u0101s ar\u012b p\u0101rg\u0101jien\u0101 pa pils\u0113tu uz \u201eFantasy\u201d salu, kas atrodas Slotssoen ezera teritorij\u0101. P\u0113cpusdien\u0101 projekta dal\u012bbniekiem bija iesp\u0113ja apmekl\u0113t Renesanses \u0161edevru Zieme\u013ceirop\u0101 \u2013 Frederiksborgas pils. T\u0101 tiek uzskat\u012bta par liel\u0101ko un iev\u0113rojam\u0101ko renesanses pili Skandin\u0101vij\u0101. Pils komplekss atrodas uz trim sal\u0101m pils ezer\u0101, radot \u012bpa\u0161i reprezentat\u012bvu iespaidu. Pili 17. gadsimt\u0101 uzc\u0113la D\u0101nijas karalis Kristi\u0101ns IV k\u0101 varas, bag\u0101t\u012bbas un m\u0101kslas gaumes simbolu. Frederiksborgas kapela ir viens no noz\u012bm\u012bg\u0101kajiem reli\u0123isk\u0101s m\u0101kslas pieminek\u013ciem D\u0101nij\u0101 un joproj\u0101m tiek izmantota svin\u012bgiem dievkalpojumiem. Grezn\u0101s z\u0101les, griestu gleznojumi, gobel\u0113ni un portreti, kas ataino kara\u013cu dz\u012bvi un valsts att\u012bst\u012bbu, atst\u0101ja neaprakst\u0101mu iespaidu uz visiem projekta dal\u012bbniekiem.<\/p>\n\n\n\n<p>&nbsp;Otr\u0101 mobilit\u0101tes diena tika velt\u012bta izgl\u012btojo\u0161ai ekskursijai Kopenh\u0101gen\u0101 \u2013 pils\u0113t\u0101, kur v\u0113sturisk\u0101 arhitekt\u016bra organiski sapl\u016bst ar m\u016bsdienu dizainu. Kopenh\u0101genas arhitekt\u016bra uzskat\u0101mi apliecina, ka skaistums, funkcionalit\u0101te un ilgtsp\u0113ja var past\u0101v\u0113t l\u012bdzsvar\u0101, kalpojot gan cilv\u0113ku labkl\u0101j\u012bbai, gan dabas aizsardz\u012bbai. Pils\u0113ta ir paz\u012bstama ar p\u0101rdom\u0101tu pils\u0113tpl\u0101no\u0161anu, cilv\u0113kam draudz\u012bgu m\u0113rogu un est\u0113tisku vienk\u0101r\u0161\u012bbu. Ekskursijas laik\u0101 skol\u0113ni, str\u0101d\u0101jot grup\u0101s, v\u0113rt\u0113ja un diskut\u0113ja par ilgtsp\u0113ju arhitekt\u016br\u0101, vienlaikus iepaz\u012bstot Kopenh\u0101genas noz\u012bm\u012bg\u0101kos apskates objektus. Dienas otraj\u0101 da\u013c\u0101 skol\u0113ni piedal\u012bj\u0101s praktisk\u0101 darbn\u012bc\u0101 un apmekl\u0113ja Damhus\u00e5en notek\u016bde\u0146u att\u012br\u012b\u0161anas staciju \u2013 vienu no noz\u012bm\u012bg\u0101kaj\u0101m Kopenh\u0101genas notek\u016bde\u0146u att\u012br\u012b\u0161anas iek\u0101rt\u0101m, kas apkalpo lielu pils\u0113tas da\u013cu. Dal\u012bbnieki uzzin\u0101ja, k\u0101 tiek att\u012br\u012bti sadz\u012bves un r\u016bpnieciskie notek\u016bde\u0146i, k\u0101 ar\u012b piedal\u012bj\u0101s praktisk\u0101 meistarklas\u0113, izprotot \u0161\u012bs infrastrukt\u016bras noz\u012bmi Baltijas j\u016bras ekosist\u0113mas aizsardz\u012bb\u0101.<\/p>\n\n\n\n<p>P\u0113d\u0113j\u0101 mobilit\u0101tes dien\u0101 skol\u0101 viesoj\u0101s UNESCO jaunie\u0161u v\u0113stnieki (Youth Ambassadors), kuri veicin\u0101ja projekta dal\u012bbnieku izpratni par kult\u016bru, izgl\u012bt\u012bbu, zin\u0101tni, ilgtsp\u0113ju un cilv\u0113kties\u012bb\u0101m. Diskusijas un aktivit\u0101tes rosin\u0101ja jaunie\u0161us dom\u0101t par savu lomu ilgtsp\u0113j\u012bgas sabiedr\u012bbas veido\u0161an\u0101. V\u0113l\u0101k dal\u012bbnieki dev\u0101s uz vienu no noz\u012bm\u012bg\u0101kaj\u0101m dabas un kult\u016bras mantojuma viet\u0101m D\u0101nij\u0101 \u2013 Store Dyrehave. Parks izveidots 17. gadsimt\u0101 k\u0101 kara\u013cu med\u012bbu teritorija, bet m\u016bsdien\u0101s t\u0101 ir popul\u0101ra pastaigu, pikniku un velobraucienu vieta, k\u0101 ar\u012b dabas izgl\u012bt\u012bbas un ainavu aizsardz\u012bbas piem\u0113rs. Teritorija ir iek\u013cauta UNESCO Pasaules mantojuma sarakst\u0101 un saglab\u0101jusies gandr\u012bz nemain\u012bga kop\u0161 17.\u201318. gadsimta, apliecinot harmonisku l\u012bdz\u0101spast\u0101v\u0113\u0161anu starp dabu, v\u0113sturi un cilv\u0113ku. Dienas izska\u0146\u0101 visi dal\u012bbnieki kop\u012bgi baud\u012bja vakari\u0146as un piedal\u012bj\u0101s kop\u012bgi organiz\u0113t\u0101s aktivit\u0101t\u0113s, stiprinot starptautisko sadarb\u012bbu un draudz\u012bbu.<\/p>\n\n\n\n<p>Projekta dal\u012bbniece Sindija Saide atz\u012bst: \u201eProjekts D\u0101nij\u0101 bija neaizmirstama pieredze, kur\u0101 mani visvair\u0101k apb\u016bra sakopt\u0101 arhitekt\u016bra un velosip\u0113du kult\u016bra. Liel\u0101ko kult\u016br\u0161oku piedz\u012bvoju pusdienu pauz\u0113s, uzzinot, ka s\u0101t\u012bgu malt\u012bti d\u0101\u0146iem lieliski aizst\u0101j vi\u0146u tradicion\u0101l\u0101s sviestmaizes. Ikdienu pavad\u012bj\u0101m ce\u013c\u0101 ar vilcienu, v\u0113rojot ainavas un l\u0113n\u0101m iepaz\u012bstot viet\u0113jo ritmu. Lai gan satuvin\u0101\u0161an\u0101s ar p\u0101r\u0113jiem projekta jaunie\u0161iem notika tikai projekta s\u0101kum\u0101 un nosl\u0113gum\u0101, \u0161\u012bs draudz\u012bbas un kop\u012bg\u0101s aktivit\u0101tes k\u013cuva par manu spilgt\u0101ko atmi\u0146u. T\u0101 bija lieliska iesp\u0113ja papla\u0161in\u0101t savu redzesloku.\u201d Al\u012bna \u017dogota uzskata: \u201e\u0160is brauciens bija \u013coti v\u0113rt\u012bgs, jo var\u0113ju iepaz\u012bt D\u0101\u0146u kult\u016bru un cilv\u0113kus. \u012apa\u0161i izbaud\u012bju skaistos skatus Kopenh\u0101gen\u0101 un aktivit\u0101tes par UNESCO v\u0113rt\u012bb\u0101m. Unik\u0101la pieredze \u0161\u0137ita b\u016bt sadraudz\u012bb\u0101 ar tik daudzu valstu skol\u0113niem.\u201d<\/p>\n\n\n\n<p>Nosl\u0113dzo\u0161\u0101 Nordplus projekta mobilit\u0101te notiks apr\u012bl\u012b Latvij\u0101, Balvos, kur dal\u012bbnieki turpin\u0101s sadarb\u012bbu, dal\u012bsies pieredz\u0113 un stiprin\u0101s izpratni par Baltijas j\u016bras re\u0123iona ilgtsp\u0113j\u012bgu att\u012bst\u012bbu.<\/p>\n\n\n\n<p>Projekta koordinatore Ir\u012bna Krivo\u0161ejeva<\/p>\n\n\n\n<p>Foto: Ir\u012bna Krivo\u0161ejeva<\/p>\n\n\n\nngg_shortcode_0_placeholder\n","protected":false},"excerpt":{"rendered":"<p>No \u0161\u012b gada 12. l\u012bdz 16. janv\u0101rim Balvu Valsts \u0123imn\u0101zijas 12. klases skolnieces Al\u012bna \u017dogota un Sindija Saide, k\u0101 ar\u012b skolot\u0101ja Ir\u012bna Krivo\u0161ejeva un direktores vietnieks IT jom\u0101 Viktors \u0160\u013cakota piedal\u012bj\u0101s Nordplus projekta \u201eM\u016bsu Baltijas j\u016bra\u201d (\u201eOur Baltic Sea\u201d) skol\u0113nu &hellip; <a href=\"https:\/\/bvg.lv\/?p=5250\">Turpiniet las\u012bt <span class=\"meta-nav\">&rarr;<\/span><\/a><\/p>\n","protected":false},"author":1,"featured_media":0,"comment_status":"closed","ping_status":"closed","sticky":false,"template":"","format":"standard","meta":{"ngg_post_thumbnail":0,"footnotes":""},"categories":[1],"tags":[],"class_list":["post-5250","post","type-post","status-publish","format-standard","hentry","category-nekategorizets"],"_links":{"self":[{"href":"https:\/\/bvg.lv\/index.php?rest_route=\/wp\/v2\/posts\/5250","targetHints":{"allow":["GET"]}}],"collection":[{"href":"https:\/\/bvg.lv\/index.php?rest_route=\/wp\/v2\/posts"}],"about":[{"href":"https:\/\/bvg.lv\/index.php?rest_route=\/wp\/v2\/types\/post"}],"author":[{"embeddable":true,"href":"https:\/\/bvg.lv\/index.php?rest_route=\/wp\/v2\/users\/1"}],"replies":[{"embeddable":true,"href":"https:\/\/bvg.lv\/index.php?rest_route=%2Fwp%2Fv2%2Fcomments&post=5250"}],"version-history":[{"count":2,"href":"https:\/\/bvg.lv\/index.php?rest_route=\/wp\/v2\/posts\/5250\/revisions"}],"predecessor-version":[{"id":5274,"href":"https:\/\/bvg.lv\/index.php?rest_route=\/wp\/v2\/posts\/5250\/revisions\/5274"}],"wp:attachment":[{"href":"https:\/\/bvg.lv\/index.php?rest_route=%2Fwp%2Fv2%2Fmedia&parent=5250"}],"wp:term":[{"taxonomy":"category","embeddable":true,"href":"https:\/\/bvg.lv\/index.php?rest_route=%2Fwp%2Fv2%2Fcategories&post=5250"},{"taxonomy":"post_tag","embeddable":true,"href":"https:\/\/bvg.lv\/index.php?rest_route=%2Fwp%2Fv2%2Ftags&post=5250"}],"curies":[{"name":"wp","href":"https:\/\/api.w.org\/{rel}","templated":true}]}}