{"id":387,"date":"2023-02-22T14:34:50","date_gmt":"2023-02-22T12:34:50","guid":{"rendered":"http:\/\/bvg.lv\/?p=387"},"modified":"2024-06-06T16:17:29","modified_gmt":"2024-06-06T13:17:29","slug":"projektu-dienas-balvu-valsts-gimnazija","status":"publish","type":"post","link":"https:\/\/bvg.lv\/?p=387","title":{"rendered":"<strong>Projektu dienas Balvu Valsts \u0123imn\u0101zij\u0101<\/strong>"},"content":{"rendered":"\n<p><\/p>\n\n\n\n<p>15. &#8211; 17.febru\u0101r\u012b Balvu Valsts \u0123imn\u0101zij\u0101 norisin\u0101j\u0101s projektu dienas, kas bija velt\u012btas karjeras izgl\u012bt\u012bbai un Balvu pils\u0113tas dzim\u0161anas dienai.<\/p>\n\n\n\n<p>Projektu dien\u0101s kla\u0161u kolekt\u012bvi iepazina Balvu pils\u0113tas un novada uz\u0146\u0113mumus, izzin\u0101ja to darb\u012bbu, g\u016bstot priek\u0161statu par profesiju daudzveid\u012bbu un apkopojt inform\u0101ciju par Balvu pils\u0113tas un novada uz\u0146\u0113mumos str\u0101d\u0101jo\u0161iem BV\u0122 absolventiem.<\/p>\n\n\n\n<p>Jaunie\u0161iem bija iesp\u0113jas pilnveidot interv\u0113\u0161anas, inform\u0101cijas apkopo\u0161anas, prezent\u0101ciju un rekl\u0101mu veido\u0161anas prasmes.<\/p>\n\n\n\n<p>15. febru\u0101r\u012b divpadsmito kla\u0161u skol\u0113ni tik\u0101s ar RTU elektrotehnikas un in\u017eenierzin\u0101tnes fakult\u0101tes studentiem, kuri vad\u012bja praktiskas nodarb\u012bbas. Prieks, ka viens no RTU studentiem Kristaps Kokorevi\u010ds ir m\u0101c\u012bjies Balvu Valsts \u0123imn\u0101zij\u0101 un saisto\u0161\u0101 veid\u0101 prezent\u0113ja savu p\u0101rst\u0101v\u0113to fakult\u0101ti.<\/p>\n\n\n\n<p>\u0160aj\u0101 dien\u0101 \u0123imn\u0101zijas sporta z\u0101l\u0113&nbsp; tika organiz\u0113ta ikgad\u0113j\u0101&nbsp; izgl\u012bt\u012bbas iesp\u0113ju izst\u0101de \u201eStudijas 2023\u201d\u0123imn\u0101zijas jaunie\u0161iem, novada un kaimi\u0146u novadu skol\u0113niem, kur\u0101 sevi prezent\u0113ja 22 augstskolas un citas m\u0101c\u012bbu iest\u0101des, kop\u0101 pulc\u0113jot aptuveni 400 dal\u012bbniekus. Bija iesp\u0113ja v\u0113rot&nbsp; ar\u012b&nbsp; Valsts robe\u017esardzes kinologu paraugdemonstr\u0113jumus.<\/p>\n\n\n\n<p>\u0160ogad Balvi svin 95. dzim\u0161anas dienu, t\u0101d\u0113\u013c&nbsp; projektu dien\u0101s v\u0113l\u0113j\u0101mies, lai skol\u0113ni apmekl\u0113 un iepaz\u012bstas ar Balvos un tuv\u0101kaj\u0101 apkaim\u0113 eso\u0161ajiem&nbsp; uz\u0146\u0113mumiem. Jo pils\u0113ta, kur\u0101 ir labi att\u012bstt\u012bta uz\u0146\u0113m\u0113jdarb\u012bba, ir pils\u0113ta ar n\u0101kotni. Svar\u012bgi jaunie\u0161iem par\u0101d\u012bt, ka ar\u012b Balvos var att\u012bst\u012bties un veiksm\u012bgi darboties. Un to \u013coti var\u0113ja redz\u0113t uz\u0146\u0113mumos, kuros skol\u0113ni viesoj\u0101s. \u0160oreiz tika apmekl\u0113ti uz\u0146\u0113mumi \u201cTAKO akmens\u201d, \u201cArnitas labsaj\u016btu darbn\u012bca\u201d, &nbsp;autoserviss \u201cSapards\u201d, m\u0113be\u013cu ra\u017eotne \u201cAMISA\u201d, \u0113din\u0101\u0161anas uz\u0146\u0113mums \u201cSenda Dz\u201d, ran\u010do \u201cOzolm\u0101jas\u201d, \u201cKureti Caf\u00e9\u201d, &nbsp;Balvi Flora, SIA \u201dAMATI\u201d un \u0137eramikas studija \u201cPie Egl\u012btes\u201d.<\/p>\n\n\n\n<p>Projektu dienu ietvaros jaunie\u0161iem tika pied\u0101v\u0101tas nodarb\u012bbas, kas pal\u012bdz\u0113ja sasniegt projekta dienu m\u0113r\u0137i, piem\u0113ram, &nbsp;ZOOM nodarb\u012bba \u201cRekl\u0101mas veido\u0161anas pamatnosac\u012bjumi\u201d, ko vad\u012bja starptautisk\u0101 z\u012bmola un biznesa att\u012bst\u012bbas vad\u012bt\u0101ja, vado\u0161\u0101 partnere uz\u0146\u0113mum\u0101 \u201cCD Sails\u201d(It\u0101lija) Zane Kukur\u0101ne, kura savulaik ar\u012b ir m\u0101c\u012bjusies Balvu Valsts \u0123imn\u0101zij\u0101. Ar\u012b skolot\u0101ji Daiga Kante un Arnis Stucka akcent\u0113ja zin\u0101\u0161anas, kas labi noder\u0113ja apmekl\u0113to uz\u0146\u0113mumu prezent\u0101ciju veido\u0161an\u0101.<\/p>\n\n\n\n<p>Vienu dienu kla\u0161u kolekt\u012bvi \u010dakli str\u0101d\u0101ja, veidojot prezent\u0101ciju un rekl\u0101mu par apmekl\u0113to uz\u0146\u0113mumu.&nbsp;<\/p>\n\n\n\n<p>Vienpadsmito un divpadsmito kla\u0161u skol\u0113niem bija iesp\u0113ja tikties ar vec\u0101ko person\u0101la speci\u0101listi, karjeras konsultanti Ilzi Zemraci, kurai ir liela pieredze person\u0101la atlas\u0113. Ilze savulaik ar\u012b ir m\u0101c\u012bjusies Balvu Valsts \u0123imn\u0101zij\u0101.&nbsp; Vi\u0146a junie\u0161iem st\u0101st\u012bja savu pieredzi karjeras mekl\u0113jumos un deva v\u0113rt\u012bgus padomus, k\u0101 sagatavoties darba intervijai, k\u0101 veidot uzrun\u0101jo\u0161u CV un motiv\u0101cijas v\u0113stuli,&nbsp; k\u0101 atrast darbu vai savu ide\u0101lo prakses vietu,&nbsp; k\u0101 ar\u012b&nbsp; iepaz\u012bstin\u0101ja jaunie\u0161us gan ar piepras\u012bt\u0101kaj\u0101m, gan izmirsto\u0161aj\u0101m profesij\u0101m. Jaunie\u0161i var\u0113ja uzzin\u0101t, k\u0101 norit pieteikumu uz vakanci atlase, kam j\u0101piev\u0113r\u0161 \u012bpa\u0161a uzman\u012bba un kas nav tik b\u016btisks darba mekl\u0113jumos. \u0160\u012b bija tie\u0161\u0101m v\u0113rt\u012bga tik\u0161an\u0101s.<\/p>\n\n\n\n<p>&nbsp;Nosl\u0113guma dien\u0101 visi pulc\u0113j\u0101s aktu z\u0101l\u0113, lai prezent\u0113tu paveikto. Bija patiesa sv\u0113tku saj\u016bta, jo Balvos darbojas lieliski uz\u0146\u0113mumi, un skol\u0113ni bija izveidoju\u0161i \u013coti p\u0101rskat\u0101mas, gaum\u012bgas rekl\u0101mas un prezent\u0101cijas, bija sagatavoju\u0161 interesantu st\u0101st\u012bjumu par uz\u0146\u0113mumos redz\u0113to un piedz\u012bvoto.<\/p>\n\n\n\n<p>Tika nolemts katram uz\u0146\u0113mumam nos\u016bt\u012bt izveidot\u0101s rekl\u0101mas un prezent\u0101ciijas. K\u0101 ar\u012b l\u016bdz\u0101m rekl\u0101mas speci\u0101listei Zanei Kukur\u0101nei pie\u0161\u0137irt nomin\u0101ciju \u201cVisveiksm\u012bg\u0101k\u0101 rekl\u0101ma\u201d.<\/p>\n\n\n\n<p><\/p>\n\n\n\nngg_shortcode_0_placeholder\n","protected":false},"excerpt":{"rendered":"<p>15. &#8211; 17.febru\u0101r\u012b Balvu Valsts \u0123imn\u0101zij\u0101 norisin\u0101j\u0101s projektu dienas, kas bija velt\u012btas karjeras izgl\u012bt\u012bbai un Balvu pils\u0113tas dzim\u0161anas dienai. Projektu dien\u0101s kla\u0161u kolekt\u012bvi iepazina Balvu pils\u0113tas un novada uz\u0146\u0113mumus, izzin\u0101ja to darb\u012bbu, g\u016bstot priek\u0161statu par profesiju daudzveid\u012bbu un apkopojt inform\u0101ciju &hellip; <a href=\"https:\/\/bvg.lv\/?p=387\">Turpiniet las\u012bt <span class=\"meta-nav\">&rarr;<\/span><\/a><\/p>\n","protected":false},"author":1,"featured_media":0,"comment_status":"closed","ping_status":"closed","sticky":false,"template":"","format":"standard","meta":{"ngg_post_thumbnail":0,"footnotes":""},"categories":[13,1],"tags":[],"class_list":["post-387","post","type-post","status-publish","format-standard","hentry","category-karjeras-izglitiba","category-nekategorizets"],"_links":{"self":[{"href":"https:\/\/bvg.lv\/index.php?rest_route=\/wp\/v2\/posts\/387","targetHints":{"allow":["GET"]}}],"collection":[{"href":"https:\/\/bvg.lv\/index.php?rest_route=\/wp\/v2\/posts"}],"about":[{"href":"https:\/\/bvg.lv\/index.php?rest_route=\/wp\/v2\/types\/post"}],"author":[{"embeddable":true,"href":"https:\/\/bvg.lv\/index.php?rest_route=\/wp\/v2\/users\/1"}],"replies":[{"embeddable":true,"href":"https:\/\/bvg.lv\/index.php?rest_route=%2Fwp%2Fv2%2Fcomments&post=387"}],"version-history":[{"count":2,"href":"https:\/\/bvg.lv\/index.php?rest_route=\/wp\/v2\/posts\/387\/revisions"}],"predecessor-version":[{"id":402,"href":"https:\/\/bvg.lv\/index.php?rest_route=\/wp\/v2\/posts\/387\/revisions\/402"}],"wp:attachment":[{"href":"https:\/\/bvg.lv\/index.php?rest_route=%2Fwp%2Fv2%2Fmedia&parent=387"}],"wp:term":[{"taxonomy":"category","embeddable":true,"href":"https:\/\/bvg.lv\/index.php?rest_route=%2Fwp%2Fv2%2Fcategories&post=387"},{"taxonomy":"post_tag","embeddable":true,"href":"https:\/\/bvg.lv\/index.php?rest_route=%2Fwp%2Fv2%2Ftags&post=387"}],"curies":[{"name":"wp","href":"https:\/\/api.w.org\/{rel}","templated":true}]}}